{"id":19,"date":"2023-03-13T13:39:05","date_gmt":"2023-03-13T13:39:05","guid":{"rendered":"https:\/\/jardimdapaz.org.br\/?p=19"},"modified":"2023-03-13T13:39:05","modified_gmt":"2023-03-13T13:39:05","slug":"procedimentos-em-caso-de-morte-ou-falecimento","status":"publish","type":"post","link":"https:\/\/jardimdapaz.org.br\/?p=19","title":{"rendered":"Procedimentos em caso de morte ou falecimento."},"content":{"rendered":"\n<ul class=\"wp-block-list\">\n<li>Compare\u00e7a ao Servi\u00e7o Funer\u00e1rio Municipal de Curitiba (PRA\u00c7A PADRE SOUTO MAIOR S\/N\u00ba \u2013 S\u00c3O FRANCISCO (anexo ao Cemit\u00e9rio Municipal) \u2013 24 Horas)<\/li>\n\n\n\n<li>Leve a Declara\u00e7\u00e3o de \u00d3bito emitida pelo Hospital, seus documentos e se tiver, documentos do falecido.<\/li>\n\n\n\n<li>A Prefeitura emitir\u00e1 um documento chamado FAF (Ficha de Acompanhamento de Funeral).<\/li>\n\n\n\n<li>Em seguida, encaminhar\u00e1 para uma funer\u00e1ria autorizada. Em Curitiba, por for\u00e7a de lei voc\u00ea n\u00e3o pode escolher a funer\u00e1ria que ir\u00e1 te atender, por\u00e9m os servi\u00e7os b\u00e1sicos s\u00e3o tabelados.<\/li>\n\n\n\n<li>Se voc\u00ea for cliente do<a href=\"https:\/\/jardimdapazcuritiba.com.br\" target=\"_blank\" rel=\"noreferrer noopener\"> Cemit\u00e9rio Jardim da Paz em Curitiba<\/a>, voc\u00ea pode entrar em contato conosco pelos telefones (41) 3264-9677 ou (41) 9 9932-8467 e em seguida comparecer em nosso escrit\u00f3rio para autorizar a abertura do jazigo e agendar o sepultamento.<\/li>\n\n\n\n<li>Se o \u00f3bito for em casa, \u00e9 necess\u00e1rio acionar o SAMU 192 ou servi\u00e7o similar para um m\u00e9dico atestar o \u00f3bito antes de comparecer ao Servi\u00e7o Funer\u00e1rio Municipal da Prefeitura.<\/li>\n<\/ul>\n","protected":false},"excerpt":{"rendered":"","protected":false},"author":1,"featured_media":0,"comment_status":"open","ping_status":"closed","sticky":false,"template":"","format":"standard","meta":{"footnotes":""},"categories":[1],"tags":[],"class_list":["post-19","post","type-post","status-publish","format-standard","hentry","category-uncategorized"],"_links":{"self":[{"href":"https:\/\/jardimdapaz.org.br\/index.php?rest_route=\/wp\/v2\/posts\/19","targetHints":{"allow":["GET"]}}],"collection":[{"href":"https:\/\/jardimdapaz.org.br\/index.php?rest_route=\/wp\/v2\/posts"}],"about":[{"href":"https:\/\/jardimdapaz.org.br\/index.php?rest_route=\/wp\/v2\/types\/post"}],"author":[{"embeddable":true,"href":"https:\/\/jardimdapaz.org.br\/index.php?rest_route=\/wp\/v2\/users\/1"}],"replies":[{"embeddable":true,"href":"https:\/\/jardimdapaz.org.br\/index.php?rest_route=%2Fwp%2Fv2%2Fcomments&post=19"}],"version-history":[{"count":1,"href":"https:\/\/jardimdapaz.org.br\/index.php?rest_route=\/wp\/v2\/posts\/19\/revisions"}],"predecessor-version":[{"id":20,"href":"https:\/\/jardimdapaz.org.br\/index.php?rest_route=\/wp\/v2\/posts\/19\/revisions\/20"}],"wp:attachment":[{"href":"https:\/\/jardimdapaz.org.br\/index.php?rest_route=%2Fwp%2Fv2%2Fmedia&parent=19"}],"wp:term":[{"taxonomy":"category","embeddable":true,"href":"https:\/\/jardimdapaz.org.br\/index.php?rest_route=%2Fwp%2Fv2%2Fcategories&post=19"},{"taxonomy":"post_tag","embeddable":true,"href":"https:\/\/jardimdapaz.org.br\/index.php?rest_route=%2Fwp%2Fv2%2Ftags&post=19"}],"curies":[{"name":"wp","href":"https:\/\/api.w.org\/{rel}","templated":true}]}}